{"id":1805,"date":"2014-04-12T17:09:17","date_gmt":"2014-04-12T15:09:17","guid":{"rendered":"http:\/\/www.lov.li\/?p=1805"},"modified":"2026-01-15T16:33:37","modified_gmt":"2026-01-15T15:33:37","slug":"peter-amann-neuer-ehrenpraesident-des-ov-vaduz","status":"publish","type":"post","link":"https:\/\/www.lov.li\/?p=1805","title":{"rendered":"Peter Amann Ehrenpr\u00e4sident des OV Vaduz"},"content":{"rendered":"<div class=\"wp-block-image\">\n<figure class=\"alignleft\"><a href=\"http:\/\/www.lov.li\/wp-content\/uploads\/2014\/04\/pr\u00e4sident1.jpg\"><img loading=\"lazy\" decoding=\"async\" width=\"1004\" height=\"1024\" src=\"http:\/\/www.lov.li\/wp-content\/uploads\/2014\/04\/pr\u00e4sident1-1004x1024.jpg\" alt=\"pr\u00e4sident\" class=\"wp-image-1807\" srcset=\"https:\/\/www.lov.li\/wp-content\/uploads\/2014\/04\/pr\u00e4sident1-1004x1024.jpg 1004w, https:\/\/www.lov.li\/wp-content\/uploads\/2014\/04\/pr\u00e4sident1-294x300.jpg 294w\" sizes=\"auto, (max-width: 767px) 89vw, (max-width: 1000px) 54vw, (max-width: 1071px) 543px, 580px\" \/><\/a><figcaption class=\"wp-element-caption\">Nach 18 Jahren als Pr\u00e4sident des OV Vaduz \u00fcbergab Peter Amann (re.) sein Amt an Patrick Walser und wurde zum Ehrenpr\u00e4sidenten ernannt.<\/figcaption><\/figure>\n<\/div>\n\n\n<p>&nbsp;<\/p>\n\n\n\n<p>&nbsp;<\/p>\n\n\n\n<p>Peter Amann hat nach 18 Jahren als tatkr\u00e4ftiger und initiativer Pr\u00e4sident des Ornithologischen Vereins Vaduz sein Amt in j\u00fcngere H\u00e4nde \u00fcbergeben. An der Hauptversammlung vom 4. April 2024 wurde&nbsp;er aufgrund seiner grossen Verdienste zum Ehrenpr\u00e4sidenten des OV Vaduz ernannt.<\/p>\n\n\n\n<!--more-->\n\n\n\n<p> Der Verein geniesst im Inland und in der Schweiz einen ausgezeichneten Ruf, vor allem aufgrund der Zuchterfolge bei den Kaninchenz\u00fcchtern. Bei Ausstellungen im In- und Ausland erzielen die Z\u00fcchter des OV Vaduz mit ihren Rassekaninchen immer wieder sehr hohe Punktezahlen und kehren in den letzten Jahren meistens mit Schweizer Meistertiteln nach Liechtenstein zur\u00fcck. Unter der Pr\u00e4sidentschaft von Peter Amann feierte der Ornithologische Verein Vaduz 2010 das 50-j\u00e4hrige Vereinsjubil\u00e4um mit einer grossen Ausstellung in der Spoerry Vaduz. Auch dem Natur- und Vogelschutz wird grosse Aufmerksamkeit geschenkt. Es werden jedes Jahr weit \u00fcber 100 Nistk\u00e4sten f\u00fcr Singv\u00f6gel betreut. Im Verein wird auch sehr grosser Wert auf die Kameradschaft gelegt. Peter Amann hat viel dazu beigetragen, dass der OV Vaduz ausgezeichnet dasteht und eine gute Zukunft hat.<br>Zum neuen Pr\u00e4sidenten wurde einstimmig Patrik Walser, wohnhaft in Triesen, gew\u00e4hlt. Ausserdem wurden in den Vorstand gew\u00e4hlt:<br>Fritz Marxer, Marie-Louise Nigg, Martin Amann, Patrick Marxer und Siegfried Oehri.<\/p>\n","protected":false},"excerpt":{"rendered":"<p>&nbsp; &nbsp; Peter Amann hat nach 18 Jahren als tatkr\u00e4ftiger und initiativer Pr\u00e4sident des Ornithologischen Vereins Vaduz sein Amt in j\u00fcngere H\u00e4nde \u00fcbergeben. An der Hauptversammlung vom 4. April 2024 wurde&nbsp;er aufgrund seiner grossen Verdienste zum Ehrenpr\u00e4sidenten des OV Vaduz ernannt.<\/p>\n","protected":false},"author":1,"featured_media":0,"comment_status":"closed","ping_status":"open","sticky":false,"template":"","format":"standard","meta":{"_uag_custom_page_level_css":"","footnotes":""},"categories":[9],"tags":[],"class_list":["post-1805","post","type-post","status-publish","format-standard","hentry","category-archvierte-beitraege-kleintiere"],"uagb_featured_image_src":{"full":false,"thumbnail":false,"medium":false,"medium_large":false,"large":false,"1536x1536":false,"2048x2048":false,"twentyseventeen-featured-image":false,"twentyseventeen-thumbnail-avatar":false},"uagb_author_info":{"display_name":"admin","author_link":"https:\/\/www.lov.li\/?author=1"},"uagb_comment_info":0,"uagb_excerpt":"&nbsp; &nbsp; Peter Amann hat nach 18 Jahren als tatkr\u00e4ftiger und initiativer Pr\u00e4sident des Ornithologischen Vereins Vaduz sein Amt in j\u00fcngere H\u00e4nde \u00fcbergeben. An der Hauptversammlung vom 4. April 2024 wurde&nbsp;er aufgrund seiner grossen Verdienste zum Ehrenpr\u00e4sidenten des OV Vaduz ernannt.","_links":{"self":[{"href":"https:\/\/www.lov.li\/index.php?rest_route=\/wp\/v2\/posts\/1805","targetHints":{"allow":["GET"]}}],"collection":[{"href":"https:\/\/www.lov.li\/index.php?rest_route=\/wp\/v2\/posts"}],"about":[{"href":"https:\/\/www.lov.li\/index.php?rest_route=\/wp\/v2\/types\/post"}],"author":[{"embeddable":true,"href":"https:\/\/www.lov.li\/index.php?rest_route=\/wp\/v2\/users\/1"}],"replies":[{"embeddable":true,"href":"https:\/\/www.lov.li\/index.php?rest_route=%2Fwp%2Fv2%2Fcomments&post=1805"}],"version-history":[{"count":22,"href":"https:\/\/www.lov.li\/index.php?rest_route=\/wp\/v2\/posts\/1805\/revisions"}],"predecessor-version":[{"id":6579,"href":"https:\/\/www.lov.li\/index.php?rest_route=\/wp\/v2\/posts\/1805\/revisions\/6579"}],"wp:attachment":[{"href":"https:\/\/www.lov.li\/index.php?rest_route=%2Fwp%2Fv2%2Fmedia&parent=1805"}],"wp:term":[{"taxonomy":"category","embeddable":true,"href":"https:\/\/www.lov.li\/index.php?rest_route=%2Fwp%2Fv2%2Fcategories&post=1805"},{"taxonomy":"post_tag","embeddable":true,"href":"https:\/\/www.lov.li\/index.php?rest_route=%2Fwp%2Fv2%2Ftags&post=1805"}],"curies":[{"name":"wp","href":"https:\/\/api.w.org\/{rel}","templated":true}]}}