{"id":1730,"date":"2014-03-11T19:12:28","date_gmt":"2014-03-11T18:12:28","guid":{"rendered":"http:\/\/www.lov.li\/?p=1730"},"modified":"2026-01-15T16:34:08","modified_gmt":"2026-01-15T15:34:08","slug":"einladung-zur-stunde-der-gartenvoegel","status":"publish","type":"post","link":"https:\/\/www.lov.li\/?p=1730","title":{"rendered":"Einladung zur &#8222;Stunde der Gartenv\u00f6gel&#8220;"},"content":{"rendered":"\n<p><span style=\"font-family: Arial, sans-serif;\">Am Wochenende vom 9. bis 11. Mai 2014 organisiert der Ornithologische Verein Schaan unter dem Patronat des Schweizer Vogelschutzes SVS\/BirdLife Schweiz die Beobachtungsaktion \u00abStunde der Gartenv\u00f6gel\u00bb. Machen auch Sie mit, lernen Sie vorher an 2 Theorie-Abenden und einer Exkursion die h\u00e4ufigsten Gartenv\u00f6gel kennen und tauchen Sie f\u00fcr eine Stunde ein in die faszinierende Welt der V\u00f6gel in Ihrer Umgebung. <\/span><\/p>\n\n\n\n<p><span style=\"font-family: Arial, sans-serif;\">Ziel dieser Aktion ist, sich durch die Vogelbeobachtungen an der Natur in der nahen Umgebung zu erfreuen und auf die V\u00f6gel als wichtiger Teil der Biodiversit\u00e4t zu achten. Gleichzeitig soll diese Aktion den Wert der G\u00e4rten und anderer Bepflanzungen in der Gemeinde f\u00fcr die Fauna und Flora aufzeigen.<\/span><wp-block data-block=\"core\/more\"><\/wp-block><\/p>\n\n\n\n<p><span style=\"font-family: Arial, sans-serif;\"><b>Mitmachen kann Jedefrau und Jedermann jedes Alters und aus allen Gemeinden und es ist ganz einfach:<br><\/b><\/span><span style=\"font-family: Arial, sans-serif;\">Am Donnerstag den 3. April und am Dienstag den 15. April treffen wir uns um 18.30 Uhr im Freizeitzentrum Resch in Schaan. Auf leicht verst\u00e4ndliche Art vermitteln wir Ihnen die Merkmale der h\u00e4ufigsten, einheimischen Siedlungsv\u00f6gel und suchen in der Literatur und anderen Medien nach Merkhilfen. Auf einer Exkursion am Samstag den 3. Mai im Schaaner Siedlungsgebiet vertiefen wir das Gelernte in der Praxis.<\/span><br><span style=\"font-family: Arial, sans-serif;\">Setzen Sie sich bitte dann am 9.\/10. oder 11. Mai morgens eine Stunde in Ihren Garten oder schauen Sie einfach aus Ihrem Fenster und notieren Sie alle V\u00f6gel die Ihnen auffallen. Per Internet, Smartphone oder Meldekarte melden Sie uns die Resultate, diese werden dann vom SVS ausgewertet und ver\u00f6ffentlicht.<\/span><br><span style=\"font-family: Arial, sans-serif;\">Machen Sie mit, g\u00f6nnen sie sich ein paar interessante Stunden Besch\u00e4ftigung mit der Natur! Wir freuen uns auf Euch!<\/span><\/p>\n\n\n\n<p><span style=\"font-family: Arial, sans-serif;\"><b>Datum<\/b><\/span><span style=\"font-family: Arial, sans-serif;\">: Donnerstag 3. April 2014 um 18.30 Uhr<\/span><\/p>\n\n\n\n<p><span style=\"font-family: Arial, sans-serif;\"><b>Treffpunkt<\/b><\/span><span style=\"font-family: Arial, sans-serif;\">: Freizeitzentrum Resch, Haupteingang<\/span><\/p>\n\n\n\n<p><span style=\"font-family: Arial, sans-serif;\"><b>Mitbringen<\/b><\/span><span style=\"font-family: Arial, sans-serif;\">: Wenn vorhanden: Bestimmungsbuch V\u00f6gel<\/span><\/p>\n\n\n\n<p><span style=\"font-family: Arial, sans-serif;\"><b>Kontakt<\/b><\/span><span style=\"font-family: Arial, sans-serif;\">: OVS c\/o G\u00fcnther Batliner, Tel.: 777 2632, Mail: <\/span><span style=\"color: #0000ff;\"><span style=\"text-decoration: underline;\"><a href=\"mailto:boeda@adon.li\"><span style=\"font-family: Arial, sans-serif;\">boeda@adon.li<\/span><\/a><\/span><\/span><\/p>\n\n\n\n<p><span style=\"font-family: Arial, sans-serif;\"><b>Weitere Termine<\/b><\/span><span style=\"font-family: Arial, sans-serif;\">: Dienstag 15. April 2014 um 18.30 Freizeitzentrum Resch<\/span><\/p>\n\n\n\n<p><span style=\"font-family: Arial, sans-serif;\"> Samstag 3. Mai 2014 um 6.00 \u2013 10.00 Uhr Exkursion<\/span><\/p>\n\n\n\n<p><span style=\"font-family: Arial, sans-serif;\"> Freitag 9. Mai bis Sonntag 11. Mai 1 Stunde Z\u00e4hlung im Garten<\/span><\/p>\n\n\n\n<p>&nbsp;Flyer&nbsp; <a href=\"http:\/\/www.lov.li\/wp-content\/uploads\/2014\/03\/Einladung-Stunde-der-Gartenv\u00f6gel.pdf\">Einladung Stunde der Gartenv\u00f6gel<\/a><\/p>\n","protected":false},"excerpt":{"rendered":"<p>Am Wochenende vom 9. bis 11. Mai 2014 organisiert der Ornithologische Verein Schaan unter dem Patronat des Schweizer Vogelschutzes SVS\/BirdLife Schweiz die Beobachtungsaktion \u00abStunde der Gartenv\u00f6gel\u00bb. Machen auch Sie mit, lernen Sie vorher an 2 Theorie-Abenden und einer Exkursion die h\u00e4ufigsten Gartenv\u00f6gel kennen und tauchen Sie f\u00fcr eine Stunde ein in die faszinierende Welt der &hellip; <\/p>\n<p class=\"link-more\"><a href=\"https:\/\/www.lov.li\/?p=1730\" class=\"more-link\"><span class=\"screen-reader-text\">\u201eEinladung zur &#8222;Stunde der Gartenv\u00f6gel&#8220;\u201c <\/span>weiterlesen<\/a><\/p>\n","protected":false},"author":1,"featured_media":0,"comment_status":"closed","ping_status":"open","sticky":false,"template":"","format":"standard","meta":{"_uag_custom_page_level_css":"","footnotes":""},"categories":[14],"tags":[],"class_list":["post-1730","post","type-post","status-publish","format-standard","hentry","category-archivierte-beitraege-nvs"],"uagb_featured_image_src":{"full":false,"thumbnail":false,"medium":false,"medium_large":false,"large":false,"1536x1536":false,"2048x2048":false,"twentyseventeen-featured-image":false,"twentyseventeen-thumbnail-avatar":false},"uagb_author_info":{"display_name":"admin","author_link":"https:\/\/www.lov.li\/?author=1"},"uagb_comment_info":0,"uagb_excerpt":"Am Wochenende vom 9. bis 11. Mai 2014 organisiert der Ornithologische Verein Schaan unter dem Patronat des Schweizer Vogelschutzes SVS\/BirdLife Schweiz die Beobachtungsaktion \u00abStunde der Gartenv\u00f6gel\u00bb. Machen auch Sie mit, lernen Sie vorher an 2 Theorie-Abenden und einer Exkursion die h\u00e4ufigsten Gartenv\u00f6gel kennen und tauchen Sie f\u00fcr eine Stunde ein in die faszinierende Welt der&hellip;","_links":{"self":[{"href":"https:\/\/www.lov.li\/index.php?rest_route=\/wp\/v2\/posts\/1730","targetHints":{"allow":["GET"]}}],"collection":[{"href":"https:\/\/www.lov.li\/index.php?rest_route=\/wp\/v2\/posts"}],"about":[{"href":"https:\/\/www.lov.li\/index.php?rest_route=\/wp\/v2\/types\/post"}],"author":[{"embeddable":true,"href":"https:\/\/www.lov.li\/index.php?rest_route=\/wp\/v2\/users\/1"}],"replies":[{"embeddable":true,"href":"https:\/\/www.lov.li\/index.php?rest_route=%2Fwp%2Fv2%2Fcomments&post=1730"}],"version-history":[{"count":3,"href":"https:\/\/www.lov.li\/index.php?rest_route=\/wp\/v2\/posts\/1730\/revisions"}],"predecessor-version":[{"id":6580,"href":"https:\/\/www.lov.li\/index.php?rest_route=\/wp\/v2\/posts\/1730\/revisions\/6580"}],"wp:attachment":[{"href":"https:\/\/www.lov.li\/index.php?rest_route=%2Fwp%2Fv2%2Fmedia&parent=1730"}],"wp:term":[{"taxonomy":"category","embeddable":true,"href":"https:\/\/www.lov.li\/index.php?rest_route=%2Fwp%2Fv2%2Fcategories&post=1730"},{"taxonomy":"post_tag","embeddable":true,"href":"https:\/\/www.lov.li\/index.php?rest_route=%2Fwp%2Fv2%2Ftags&post=1730"}],"curies":[{"name":"wp","href":"https:\/\/api.w.org\/{rel}","templated":true}]}}