{"id":1721,"date":"2014-03-06T11:35:04","date_gmt":"2014-03-06T10:35:04","guid":{"rendered":"http:\/\/www.lov.li\/?p=1721"},"modified":"2026-01-16T19:46:12","modified_gmt":"2026-01-16T18:46:12","slug":"im-andenken-an-hanno-meier-1936-2014","status":"publish","type":"post","link":"https:\/\/www.lov.li\/?p=1721","title":{"rendered":"Im Andenken an Hanno Meier (1936-2014)"},"content":{"rendered":"<div class=\"wp-block-image\">\n<figure class=\"aligncenter\"><a href=\"http:\/\/www.lov.li\/wp-content\/uploads\/2014\/03\/Hanno-Meier.jpg\"><img loading=\"lazy\" decoding=\"async\" width=\"199\" height=\"300\" src=\"http:\/\/www.lov.li\/wp-content\/uploads\/2014\/03\/Hanno-Meier-199x300.jpg\" alt=\"Hanno Meier\" class=\"wp-image-1722\" srcset=\"https:\/\/www.lov.li\/wp-content\/uploads\/2014\/03\/Hanno-Meier-199x300.jpg 199w, https:\/\/www.lov.li\/wp-content\/uploads\/2014\/03\/Hanno-Meier-681x1024.jpg 681w, https:\/\/www.lov.li\/wp-content\/uploads\/2014\/03\/Hanno-Meier.jpg 1316w\" sizes=\"auto, (max-width: 199px) 100vw, 199px\" \/><\/a><\/figure>\n<\/div>\n\n\n<p><\/p>\n\n\n\n<p>In Dankbarkeit m\u00fcssen wir von Hanno Meier Abschied nehmen. Sein Tod am 4. M\u00e4rz hinterl\u00e4sst eine grosse L\u00fccke in unseren Reihen, war Hanno doch von 1982 bis 2005 (23 Jahre!) langj\u00e4hriger Pr\u00e4sident und sp\u00e4ter Ehrenpr\u00e4sident des Liechtensteinischen Ornithologischen Landesverbandes. Mit Leib und Seele war er Vogelkenner und Natursch\u00fctzer. Unvergessen bleiben seine Exkursionsf\u00fchrungen, bei denen er unendlich viele Details \u00fcber V\u00f6gel und Pflanzen zu berichten wusste. Hanno, wir vermissen Dich, werden Dich aber f\u00fcr immer in bestem Andenken behalten.<\/p>\n\n\n\n<p>&nbsp;<\/p>\n\n\n\n<p>&nbsp;<\/p>\n","protected":false},"excerpt":{"rendered":"<p>In Dankbarkeit m\u00fcssen wir von Hanno Meier Abschied nehmen. Sein Tod am 4. M\u00e4rz hinterl\u00e4sst eine grosse L\u00fccke in unseren Reihen, war Hanno doch von 1982 bis 2005 (23 Jahre!) langj\u00e4hriger Pr\u00e4sident und sp\u00e4ter Ehrenpr\u00e4sident des Liechtensteinischen Ornithologischen Landesverbandes. Mit Leib und Seele war er Vogelkenner und Natursch\u00fctzer. Unvergessen bleiben seine Exkursionsf\u00fchrungen, bei denen er &hellip; <\/p>\n<p class=\"link-more\"><a href=\"https:\/\/www.lov.li\/?p=1721\" class=\"more-link\"><span class=\"screen-reader-text\">\u201eIm Andenken an Hanno Meier (1936-2014)\u201c <\/span>weiterlesen<\/a><\/p>\n","protected":false},"author":1,"featured_media":0,"comment_status":"closed","ping_status":"open","sticky":false,"template":"","format":"standard","meta":{"_uag_custom_page_level_css":"","footnotes":""},"categories":[1,14],"tags":[],"class_list":["post-1721","post","type-post","status-publish","format-standard","hentry","category-allgemein","category-archivierte-beitraege-nvs"],"uagb_featured_image_src":{"full":false,"thumbnail":false,"medium":false,"medium_large":false,"large":false,"1536x1536":false,"2048x2048":false,"twentyseventeen-featured-image":false,"twentyseventeen-thumbnail-avatar":false},"uagb_author_info":{"display_name":"admin","author_link":"https:\/\/www.lov.li\/?author=1"},"uagb_comment_info":0,"uagb_excerpt":"In Dankbarkeit m\u00fcssen wir von Hanno Meier Abschied nehmen. Sein Tod am 4. M\u00e4rz hinterl\u00e4sst eine grosse L\u00fccke in unseren Reihen, war Hanno doch von 1982 bis 2005 (23 Jahre!) langj\u00e4hriger Pr\u00e4sident und sp\u00e4ter Ehrenpr\u00e4sident des Liechtensteinischen Ornithologischen Landesverbandes. Mit Leib und Seele war er Vogelkenner und Natursch\u00fctzer. Unvergessen bleiben seine Exkursionsf\u00fchrungen, bei denen er&hellip;","_links":{"self":[{"href":"https:\/\/www.lov.li\/index.php?rest_route=\/wp\/v2\/posts\/1721","targetHints":{"allow":["GET"]}}],"collection":[{"href":"https:\/\/www.lov.li\/index.php?rest_route=\/wp\/v2\/posts"}],"about":[{"href":"https:\/\/www.lov.li\/index.php?rest_route=\/wp\/v2\/types\/post"}],"author":[{"embeddable":true,"href":"https:\/\/www.lov.li\/index.php?rest_route=\/wp\/v2\/users\/1"}],"replies":[{"embeddable":true,"href":"https:\/\/www.lov.li\/index.php?rest_route=%2Fwp%2Fv2%2Fcomments&post=1721"}],"version-history":[{"count":2,"href":"https:\/\/www.lov.li\/index.php?rest_route=\/wp\/v2\/posts\/1721\/revisions"}],"predecessor-version":[{"id":6581,"href":"https:\/\/www.lov.li\/index.php?rest_route=\/wp\/v2\/posts\/1721\/revisions\/6581"}],"wp:attachment":[{"href":"https:\/\/www.lov.li\/index.php?rest_route=%2Fwp%2Fv2%2Fmedia&parent=1721"}],"wp:term":[{"taxonomy":"category","embeddable":true,"href":"https:\/\/www.lov.li\/index.php?rest_route=%2Fwp%2Fv2%2Fcategories&post=1721"},{"taxonomy":"post_tag","embeddable":true,"href":"https:\/\/www.lov.li\/index.php?rest_route=%2Fwp%2Fv2%2Ftags&post=1721"}],"curies":[{"name":"wp","href":"https:\/\/api.w.org\/{rel}","templated":true}]}}