{"id":1509,"date":"2013-12-09T22:50:15","date_gmt":"2013-12-09T21:50:15","guid":{"rendered":"http:\/\/www.lov.li\/?p=1509"},"modified":"2026-01-16T19:46:43","modified_gmt":"2026-01-16T18:46:43","slug":"der-ov-mauren-feierte-sein-50-jahr-jubilaum-2","status":"publish","type":"post","link":"https:\/\/www.lov.li\/?p=1509","title":{"rendered":"Der OV Mauren feierte sein 50-Jahr-Jubil\u00e4um"},"content":{"rendered":"\n<p>Am 6. Dezember 1963 wurde der Ornithologische Verein Mauren im Cafe Freiendorf in Mauren gegr\u00fcndet. 50 Jahre sp\u00e4ter, am Sonntag den 8. Dezember, fand im Vogelparadies Birka eine schlichte Jubil\u00e4umsfeier statt. Im Beisein von Maurens Vorsteher Freddy Kaiser, Pr\u00e4sident Benno B\u00fcchel vom Liechtenteinischen Ornithologischen Verband und weiteren G\u00e4sten wurde anhand einer Pr\u00e4sentation und einem umfangreichen Jubil\u00e4umsband die grosse Arbeit vorgestellt, die Vereinsmitglieder in den letzten Jahren verrichtet haben. Das Vogelparadies Birka mit Voli\u00e8ren, Spielplatz und Kiosk ist heute in Mauren zu einem nicht mehr wegzudenkenden Treffpunkt geworden. In Grussbotschaften gratulierten Freddy Kaiser und Benno B\u00fcchel dem Verein zu seinem Jubil\u00e4um.<\/p>\n\n\n\n<p>&nbsp;<\/p>\n\n\n<div class=\"wp-block-image\">\n<figure class=\"aligncenter\"><a href=\"http:\/\/www.lov.li\/wp-content\/uploads\/2013\/12\/OVM-Vorstand-mit-Freddy-Kaiser4.jpg\"><img loading=\"lazy\" decoding=\"async\" width=\"300\" height=\"199\" src=\"http:\/\/www.lov.li\/wp-content\/uploads\/2013\/12\/OVM-Vorstand-mit-Freddy-Kaiser4-300x199.jpg\" alt=\"\" class=\"wp-image-1538\" srcset=\"https:\/\/www.lov.li\/wp-content\/uploads\/2013\/12\/OVM-Vorstand-mit-Freddy-Kaiser4-300x199.jpg 300w, https:\/\/www.lov.li\/wp-content\/uploads\/2013\/12\/OVM-Vorstand-mit-Freddy-Kaiser4-1024x681.jpg 1024w\" sizes=\"auto, (max-width: 300px) 100vw, 300px\" \/><\/a><figcaption class=\"wp-element-caption\">Der Vorstand des OV Mauren mit Vorsteher Freddy Kaiser (2. von rechts): (vlnr) Richard Schmuck, Josef Meier, Roland Meier, Georg Willi. Auf dem Bild fehlt Hanno Meier.<\/figcaption><\/figure>\n<\/div>\n\n\n<p>&nbsp;<\/p>\n\n\n\n<p><strong><span style=\"color: #000000;\">50 Jahre Ornithologischer Verein Mauren<\/span><wp-block data-block=\"core\/more\"><\/wp-block><\/strong><\/p>\n\n\n\n<p><strong><em><span style=\"color: #000000;\">Vereinsgr\u00fcndung im Caf\u00e9 Freiendorf<\/span><\/em><\/strong><\/p>\n\n\n\n<p><span style=\"color: #000000;\">Wer in Mauren kennt nicht das Vogelparadies Birka? Wohl jede und jeder, doch wer weiss, wer dahinter steckt, wie das Vogelparadies entstanden ist? Am 6. Dezember 1963, also genau vor 50 Jahren, wurde der Ornithologische Verein Mauren (OVM) aus der Taufe gehoben. Von den acht Gr\u00fcndungsmitgliedern leben heute noch vier: Walter Schreiber, der erster Pr\u00e4sident war, Willi Meier, Beat Marxer und Gerhard Kieber.<\/span><\/p>\n\n\n\n<p><strong><em><span style=\"color: #000000;\">Das Vogelparadies entsteht<\/span><\/em><\/strong><\/p>\n\n\n\n<p><span style=\"color: #000000;\">Nach vielen und langen Verhandlungen und dank dem Verhandlungsgeschick der Vorstandsmitglieder konnte erreicht werden, dass die Parzellen 233 und 234 in der Birka von der Gemeinde Mauren gekauft werden konnten. Im Juni 1971 stimmte der Gemeinderat dem Erwerb zu und \u00fcbertrug dem Ornithologischen Verein Mauren die Hege und Pflege dieses Gebietes. Es vergingen aber nochmals drei Jahre, ehe 1974 die erste Voli\u00e8re f\u00fcr Ziergefl\u00fcgel ihrer Bestimmung \u00fcbergeben werden konnte. Zuvor bedurfte es vieler Stunden Fronarbeit, um das Grundst\u00fcck, das von der Bev\u00f6lkerung hie und da als M\u00fclldeponie genutzt wurde, vom Unrat zu befreien.<\/span><\/p>\n\n\n\n<p><strong><em><span style=\"color: #000000;\">Weiterer Meilenstein: Mehrzweckgeb\u00e4ude<\/span><\/em><\/strong><\/p>\n\n\n\n<p><span style=\"color: #000000;\">Noch fehlte ein Vereinshaus. Im M\u00e4rz 1982 erfolgte der Spatenstich zum Mehrzweckgeb\u00e4ude Birka. Am 1. Juli 1984 war es soweit, das Vereinsgeb\u00e4ude mit der Gesamtanlage konnte offiziell eingeweiht und seiner Bestimmung \u00fcbergeben werden.<\/span><\/p>\n\n\n\n<p><strong><em><span style=\"color: #000000;\">Anziehungspunkt Spielplatz<\/span><\/em><\/strong><\/p>\n\n\n\n<p><span style=\"color: #000000;\">Sehr beliebt bei Jung und Alt ist der Kinderspielplatz, auf dem sich bei gutem Wetter fast t\u00e4glich Kinder vergn\u00fcgen. Er wurde bereits 1979 er\u00f6ffnet und im Jahre 2006 neu gestaltet. J\u00e4hrlich investiert der Ornithologische Verein viele Stunden ehrenamtlicher Arbeit, damit Kinder und Begleiter einen attraktiven und sicheren Spielplatz vorfinden.<\/span><\/p>\n\n\n\n<p><strong><span style=\"color: #000000;\">F\u00f6rderung der Kaninchen- und Gefl\u00fcgelzucht<\/span><\/strong><\/p>\n\n\n\n<p><span style=\"color: #000000;\">Neben dem Aufbau und der Betreuung der Voli\u00e8ren im Vogelparadies Birka lag ein weiterer Schwerpunkt der Arbeit bei der F\u00f6rderung der Kaninchen und Gefl\u00fcgelzucht. Es wurden Ausstellungen organisiert, Vereinsmitglieder nahmen ihrerseits sehr erfolgreich an Kaninchen- und Gefl\u00fcgelausstellungen teil. Doch das Rad der Zeit dreht sich unaufh\u00f6rlich, und so waren die 2007 und 2011 verstorbenen Mitglieder Paul Kaiser und Theo Meier die letzten Hasenz\u00fcchter des Vereins, die mit viel Erfolg noch bei Kaninchenausstellungen teilnahmen.<\/span><\/p>\n\n\n\n<p><strong><span style=\"color: #000000;\">Breites Engagement im Natur- und Umweltschutz<\/span><\/strong><\/p>\n\n\n\n<p><span style=\"color: #000000;\">Auch wenn der Schwerpunkt fr\u00fcherer Vereinst\u00e4tigkeiten bei der Betreuung der Voli\u00e8ren und bei der F\u00f6rderung der Kaninchen- und Gefl\u00fcgelzucht lag, setzte sich der Verein schon fr\u00fchzeitig f\u00fcr den Natur- und Vogelschutz ein. Im Naturschutzjahr 1970 kamen Mitglieder des jungen Vereins mit Vertretern der Gemeinde zusammen, um \u00fcber konkrete Schritte zur F\u00f6rderung unserer Natur zu beraten. So wurde nach dem Kauf der Parzellen in der Birka und deren \u00dcbertragung der Hege und Pflege dieses Gebietes an den Verein bereits im Jahr 1972 ein erster Weiherbiotop fertig gestellt. Als dann der Verein 1981 von der Br\u00fcnette-Stiftung die Zusage von 18&#8217;000 Franken f\u00fcr den Bau eines Weihers erhielt, konnte in dem seit 1974 bestehenden Naturschutzgebiet der noch heute bestehende Weiher angelegt werden. Im Februar 1982 wurden ca. 3800 m3 Material ausgehoben und die \u00fcber 1300 m2 grosse Wasserfl\u00e4che geschaffen, die heute einen wichtigen Lebensraum f\u00fcr viele Tiere darstellt.<\/span><\/p>\n\n\n\n<p><strong><em><span style=\"color: #000000;\">Vermittlung des Vogel- und Naturschutzgedankens<\/span><\/em><\/strong><\/p>\n\n\n\n<p><span style=\"color: #000000;\">Der Verein setzt sich seit den Anf\u00e4ngen nicht nur f\u00fcr den Schutz und die Pflege der von der Gemeinde zur Verf\u00fcgung gestellten Naturschutzgebiete ein, sondern f\u00f6rdert auch erfolgreich die Vogelkunde, sei es mit Exkursionen oder Kursen. Gerade in den letzten Jahren fanden immer wieder Grund- und Vertiefungskurse in Vogelkunde in der Birka statt, die von vielen Interessierten besucht wurden. Bereits zum dritten Mal wurde dieses Jahr auch das Naturcamp f\u00fcr Kinder im Alter zwischen acht und zw\u00f6lf Jahren durchgef\u00fchrt, das sich bei unseren Kindern grosser Beliebtheit erfreut.<\/span><\/p>\n\n\n\n<p><strong><em><span style=\"color: #000000;\">Vogelparadies Birka: grosse Last, aber auch Chance<\/span><\/em><\/strong><\/p>\n\n\n\n<p><span style=\"color: #000000;\">Unterhalt, Pflege und Aktivit\u00e4ten erfordern aber auch st\u00e4ndig eine hohe Einsatzbereitschaft der Vereinsmitglieder und der Vogelparadies-Freunde. Dazu kommt, dass auch die Anspr\u00fcche an die Haltung der V\u00f6gel in den Voli\u00e8ren aus der Sicht des Tierschutzes wachsen. So sind st\u00e4ndig Anpassungen, Weiterbildung und finanzielle Mittel notwendig, um den V\u00f6geln einen optimalen Lebensraum im Vogelparadies bereit stellen zu k\u00f6nnen. Da zudem viele private Halter mit der Haltung ihrer V\u00f6gel \u00fcberfordert sind, wenden sie sich an den OVM, der wenn immer m\u00f6glich Hilfe bietet. So haben viele unserer Pfleglinge im Vogelparadies ein neues Zuhause gefunden.<\/span><\/p>\n\n\n\n<p><strong><em><span style=\"color: #000000;\">Lebensnotwendig: finanzielle Unterst\u00fctzung<\/span><\/em><\/strong><\/p>\n\n\n\n<p><span style=\"color: #000000;\">Ohne finanzielle Unterst\u00fctzung sind diese wachsenden Aufgaben nicht zu bew\u00e4ltigen. Wir sind deshalb unseren Sponsoren, allen voran der Gemeinde Mauren, zu grossem Dank verpflichtet, denn ohne ihren Beitrag k\u00f6nnten wir das Vogelparadies, das gerade auch der \u00d6ffentlichkeit viel Freude bereiten soll, nicht aufrecht erhalten.<\/span><\/p>\n\n\n\n<p>&nbsp;<\/p>\n","protected":false},"excerpt":{"rendered":"<p>Am 6. Dezember 1963 wurde der Ornithologische Verein Mauren im Cafe Freiendorf in Mauren gegr\u00fcndet. 50 Jahre sp\u00e4ter, am Sonntag den 8. Dezember, fand im Vogelparadies Birka eine schlichte Jubil\u00e4umsfeier statt. Im Beisein von Maurens Vorsteher Freddy Kaiser, Pr\u00e4sident Benno B\u00fcchel vom Liechtenteinischen Ornithologischen Verband und weiteren G\u00e4sten wurde anhand einer Pr\u00e4sentation und einem umfangreichen &hellip; <\/p>\n<p class=\"link-more\"><a href=\"https:\/\/www.lov.li\/?p=1509\" class=\"more-link\"><span class=\"screen-reader-text\">\u201eDer OV Mauren feierte sein 50-Jahr-Jubil\u00e4um\u201c <\/span>weiterlesen<\/a><\/p>\n","protected":false},"author":1,"featured_media":0,"comment_status":"closed","ping_status":"open","sticky":false,"template":"","format":"standard","meta":{"_uag_custom_page_level_css":"","footnotes":""},"categories":[1,14],"tags":[],"class_list":["post-1509","post","type-post","status-publish","format-standard","hentry","category-allgemein","category-archivierte-beitraege-nvs"],"uagb_featured_image_src":{"full":false,"thumbnail":false,"medium":false,"medium_large":false,"large":false,"1536x1536":false,"2048x2048":false,"twentyseventeen-featured-image":false,"twentyseventeen-thumbnail-avatar":false},"uagb_author_info":{"display_name":"admin","author_link":"https:\/\/www.lov.li\/?author=1"},"uagb_comment_info":0,"uagb_excerpt":"Am 6. Dezember 1963 wurde der Ornithologische Verein Mauren im Cafe Freiendorf in Mauren gegr\u00fcndet. 50 Jahre sp\u00e4ter, am Sonntag den 8. Dezember, fand im Vogelparadies Birka eine schlichte Jubil\u00e4umsfeier statt. Im Beisein von Maurens Vorsteher Freddy Kaiser, Pr\u00e4sident Benno B\u00fcchel vom Liechtenteinischen Ornithologischen Verband und weiteren G\u00e4sten wurde anhand einer Pr\u00e4sentation und einem umfangreichen&hellip;","_links":{"self":[{"href":"https:\/\/www.lov.li\/index.php?rest_route=\/wp\/v2\/posts\/1509","targetHints":{"allow":["GET"]}}],"collection":[{"href":"https:\/\/www.lov.li\/index.php?rest_route=\/wp\/v2\/posts"}],"about":[{"href":"https:\/\/www.lov.li\/index.php?rest_route=\/wp\/v2\/types\/post"}],"author":[{"embeddable":true,"href":"https:\/\/www.lov.li\/index.php?rest_route=\/wp\/v2\/users\/1"}],"replies":[{"embeddable":true,"href":"https:\/\/www.lov.li\/index.php?rest_route=%2Fwp%2Fv2%2Fcomments&post=1509"}],"version-history":[{"count":26,"href":"https:\/\/www.lov.li\/index.php?rest_route=\/wp\/v2\/posts\/1509\/revisions"}],"predecessor-version":[{"id":6591,"href":"https:\/\/www.lov.li\/index.php?rest_route=\/wp\/v2\/posts\/1509\/revisions\/6591"}],"wp:attachment":[{"href":"https:\/\/www.lov.li\/index.php?rest_route=%2Fwp%2Fv2%2Fmedia&parent=1509"}],"wp:term":[{"taxonomy":"category","embeddable":true,"href":"https:\/\/www.lov.li\/index.php?rest_route=%2Fwp%2Fv2%2Fcategories&post=1509"},{"taxonomy":"post_tag","embeddable":true,"href":"https:\/\/www.lov.li\/index.php?rest_route=%2Fwp%2Fv2%2Ftags&post=1509"}],"curies":[{"name":"wp","href":"https:\/\/api.w.org\/{rel}","templated":true}]}}