{"id":1365,"date":"2013-10-19T22:00:18","date_gmt":"2013-10-19T21:00:18","guid":{"rendered":"http:\/\/www.lov.li\/?p=1365"},"modified":"2026-01-15T16:39:16","modified_gmt":"2026-01-15T15:39:16","slug":"weissstorch-horstplattform-in-balzers","status":"publish","type":"post","link":"https:\/\/www.lov.li\/?p=1365","title":{"rendered":"Weissstorch: Horstplattform in Balzers"},"content":{"rendered":"<div class=\"wp-block-image\">\n<figure class=\"aligncenter\"><a href=\"http:\/\/www.lov.li\/wp-content\/uploads\/2013\/10\/Storchenplattform-Balzers-2013.jpg\"><img loading=\"lazy\" decoding=\"async\" width=\"1024\" height=\"678\" src=\"http:\/\/www.lov.li\/wp-content\/uploads\/2013\/10\/Storchenplattform-Balzers-2013-1024x678.jpg\" alt=\"\" class=\"wp-image-1366\" srcset=\"https:\/\/www.lov.li\/wp-content\/uploads\/2013\/10\/Storchenplattform-Balzers-2013-1024x678.jpg 1024w, https:\/\/www.lov.li\/wp-content\/uploads\/2013\/10\/Storchenplattform-Balzers-2013-300x198.jpg 300w\" sizes=\"auto, (max-width: 767px) 89vw, (max-width: 1000px) 54vw, (max-width: 1071px) 543px, 580px\" \/><\/a><figcaption class=\"wp-element-caption\">Neue Storchenplattform im Balzner Riet<\/figcaption><\/figure>\n<\/div>\n\n\n<p>Der Weissstorch hat nun auch in Balzers Gelegenheit erhalten, sich nieder zu lassen. Am Samstag, 19.10.2013 wurde von Mitgliedern des OV Balzers eine Horstplattform in Balzers errichtet.<\/p>\n\n\n\n<!--more-->\n\n\n\n<p>Im Rahmen einer von privater Seite unterst\u00fctzten Projektreihe des Liechtensteinischen Ornithologischen Landesverbandes wurde im Balzner Riet, in schwierigem Untergrund, mit maschineller Hilfe der Firma Foser AG, eine Storchenplattform errichtet.<\/p>\n\n\n\n<p>Der Weissstorch besiedelt offene und halboffene Landschaften, bevorzugt in feuchten Landschaften mit Gr\u00fcnland. Der Standort im Balzner Riet, wo nun der Horst errichtet wurde, scheint deshalb g\u00fcnstig zu liegen, da auf alle Seiten sich feuchtes Gr\u00fcnland erstreckt. Der Storch selber liebt es, einen weiten Ausblick von seinem Horst aus \u00fcber die Umgebung zu haben, wobei er auch weitere Strecken zur\u00fccklegt, um zu g\u00fcnstigen Nahrungsquellen zu gelangen. Es ist zu hoffen, dass dem Storch der neue Lebensraum im Balzner Riet gef\u00e4llt und er auch den Horst bezieht, der mit viel Liebe vom Ornithologischen Verein Balzers errichtet wurde.<\/p>\n\n\n\n<p>Ein besonderes Dankesch\u00f6n sagen wir:<br>&#8211; E. Hilti Stiftung<br>&#8211; B\u00fcrgergenossenschaft Balzers<br>&#8211; Fidel Foser und der Firma Foser AG<br>&#8211; den aktiv mitwirkenden Mitgliedern des OV Balzers<\/p>\n\n\n\n<p>&nbsp;<\/p>\n\n\n\n<p><strong>Weitere Informationen \u00fcber die St\u00f6rche im Alpenrheintal:<\/strong><\/p>\n\n\n\n<p><a href=\"http:\/\/www.nuschel2009.ch\/page25.php\">http:\/\/www.nuschel2009.ch\/page25.php<\/a><\/p>\n\n\n\n<p><a href=\"http:\/\/www.rheintalerstorch.ch\/daten\/Kollisionsprojekt_Beschrieb_16012012.pdf\">http:\/\/www.rheintalerstorch.ch\/daten\/Kollisionsprojekt_Beschrieb_16012012.pdf<\/a><\/p>\n\n\n\n<p>&nbsp;<\/p>\n\n\n\n<p>&nbsp;<\/p>\n\n\n<div class=\"wp-block-image\">\n<figure class=\"aligncenter\"><a href=\"http:\/\/www.lov.li\/wp-content\/uploads\/2013\/10\/Collage-Storchenplattform-20131.jpg\"><img decoding=\"async\" src=\"http:\/\/www.lov.li\/wp-content\/uploads\/2013\/10\/Collage-Storchenplattform-20131-678x1024.jpg\" alt=\"\" class=\"wp-image-1369\"\/><\/a><figcaption class=\"wp-element-caption\">Impressionen von der Aufrichtung der Storchenplattform<\/figcaption><\/figure>\n<\/div>\n\n\n<p>&nbsp;<\/p>\n","protected":false},"excerpt":{"rendered":"<p>Der Weissstorch hat nun auch in Balzers Gelegenheit erhalten, sich nieder zu lassen. Am Samstag, 19.10.2013 wurde von Mitgliedern des OV Balzers eine Horstplattform in Balzers errichtet.<\/p>\n","protected":false},"author":1,"featured_media":0,"comment_status":"closed","ping_status":"open","sticky":false,"template":"","format":"standard","meta":{"_uag_custom_page_level_css":"","footnotes":""},"categories":[14],"tags":[],"class_list":["post-1365","post","type-post","status-publish","format-standard","hentry","category-archivierte-beitraege-nvs"],"uagb_featured_image_src":{"full":false,"thumbnail":false,"medium":false,"medium_large":false,"large":false,"1536x1536":false,"2048x2048":false,"twentyseventeen-featured-image":false,"twentyseventeen-thumbnail-avatar":false},"uagb_author_info":{"display_name":"admin","author_link":"https:\/\/www.lov.li\/?author=1"},"uagb_comment_info":0,"uagb_excerpt":"Der Weissstorch hat nun auch in Balzers Gelegenheit erhalten, sich nieder zu lassen. Am Samstag, 19.10.2013 wurde von Mitgliedern des OV Balzers eine Horstplattform in Balzers errichtet.","_links":{"self":[{"href":"https:\/\/www.lov.li\/index.php?rest_route=\/wp\/v2\/posts\/1365","targetHints":{"allow":["GET"]}}],"collection":[{"href":"https:\/\/www.lov.li\/index.php?rest_route=\/wp\/v2\/posts"}],"about":[{"href":"https:\/\/www.lov.li\/index.php?rest_route=\/wp\/v2\/types\/post"}],"author":[{"embeddable":true,"href":"https:\/\/www.lov.li\/index.php?rest_route=\/wp\/v2\/users\/1"}],"replies":[{"embeddable":true,"href":"https:\/\/www.lov.li\/index.php?rest_route=%2Fwp%2Fv2%2Fcomments&post=1365"}],"version-history":[{"count":21,"href":"https:\/\/www.lov.li\/index.php?rest_route=\/wp\/v2\/posts\/1365\/revisions"}],"predecessor-version":[{"id":6593,"href":"https:\/\/www.lov.li\/index.php?rest_route=\/wp\/v2\/posts\/1365\/revisions\/6593"}],"wp:attachment":[{"href":"https:\/\/www.lov.li\/index.php?rest_route=%2Fwp%2Fv2%2Fmedia&parent=1365"}],"wp:term":[{"taxonomy":"category","embeddable":true,"href":"https:\/\/www.lov.li\/index.php?rest_route=%2Fwp%2Fv2%2Fcategories&post=1365"},{"taxonomy":"post_tag","embeddable":true,"href":"https:\/\/www.lov.li\/index.php?rest_route=%2Fwp%2Fv2%2Ftags&post=1365"}],"curies":[{"name":"wp","href":"https:\/\/api.w.org\/{rel}","templated":true}]}}